{"id":114748,"date":"2025-04-25T20:25:46","date_gmt":"2025-04-25T20:25:46","guid":{"rendered":"https:\/\/mcs.ed.cr\/?p=114748"},"modified":"2025-04-25T20:25:47","modified_gmt":"2025-04-25T20:25:47","slug":"%f0%9f%94%a5-comienzan-nuestros-retiros-de-campamentos-cristianos","status":"publish","type":"post","link":"https:\/\/mcs.ed.cr\/es\/%f0%9f%94%a5-comienzan-nuestros-retiros-de-campamentos-cristianos\/","title":{"rendered":"\ud83d\udd25 \u00a1Comienzan nuestros campamentos y retiros cristianos!"},"content":{"rendered":"<p>[et_pb_section fb_built=&#8221;1&#8243; theme_builder_area=&#8221;post_content&#8221; _builder_version=&#8221;4.27.4&#8243; _module_preset=&#8221;default&#8221;][et_pb_row _builder_version=&#8221;4.27.4&#8243; _module_preset=&#8221;default&#8221; theme_builder_area=&#8221;post_content&#8221;][et_pb_column _builder_version=&#8221;4.27.4&#8243; _module_preset=&#8221;default&#8221; type=&#8221;4_4&#8243; theme_builder_area=&#8221;post_content&#8221; hover_enabled=&#8221;0&#8243; sticky_enabled=&#8221;0&#8243;][et_pb_text _builder_version=&#8221;4.27.4&#8243; _module_preset=&#8221;default&#8221; theme_builder_area=&#8221;post_content&#8221; hover_enabled=&#8221;0&#8243; sticky_enabled=&#8221;0&#8243;]<\/p>\n<p><span><b>Tema: \"Transformados - La Identidad que lo Cambia Todo\"<\/b><\/span><\/p>\n<p><span><br \/>En <b>Monterrey Christian School<\/b>Estamos encantados de dar comienzo a una de nuestras tradiciones m\u00e1s preciadas: nuestra <b>Campamentos cristianos y retiros espirituales anuales<\/b>. Estas experiencias sirven como momentos cruciales en la formaci\u00f3n espiritual de nuestros alumnos, permiti\u00e9ndoles alejarse de las rutinas diarias y sumergirse en momentos intencionados de adoraci\u00f3n, reflexi\u00f3n y crecimiento personal.<br \/>El tema de este a\u00f1o, <b>\"Transformados - La Identidad que lo Cambia Todo\"<\/b> (Transformados - La identidad que lo cambia todo), invita a los estudiantes a redescubrir la verdad sobre qui\u00e9nes son en Cristo. Nuestro fundamento b\u00edblico provendr\u00e1 de un estudio comparativo de <b>Rey Sa\u00fal<\/b> y <b>Rey David<\/b>Dos hombres llamados por Dios, pero cuyas identidades ante \u00c9l condujeron a resultados muy diferentes.<\/span><\/p>\n<p>\ud83d\udd4a Lo que exploraremos:<\/p>\n<ul>\n<li><b>El origen de la identidad<\/b>: La identidad no es algo que creamos; es algo que recibimos. Los estudiantes aprender\u00e1n que su valor, prop\u00f3sito y direcci\u00f3n son establecidos por su Creador, no moldeados por la opini\u00f3n p\u00fablica o el rendimiento personal.<\/li>\n<\/ul>\n<p>&nbsp;<\/p>\n<ul>\n<li><b>Sa\u00fal: Una identidad moldeada por la inseguridad<\/b>: La identidad de Sa\u00fal estaba definida por el miedo al hombre y el deseo de aprobaci\u00f3n humana. Su apariencia externa y su posici\u00f3n no pod\u00edan ocultar su quebrantamiento interno, que finalmente le llev\u00f3 a la perdici\u00f3n.<\/li>\n<\/ul>\n<p>&nbsp;<\/p>\n<ul>\n<li><b>David: una identidad arraigada en Dios<\/b>: Aunque imperfecto, el coraz\u00f3n de David estaba anclado en su relaci\u00f3n con el Se\u00f1or. Su identidad no estaba en sus victorias, sino en su caminar humilde, arrepentido y obediente con Dios. Como declaran las Escrituras, David era \"un hombre conforme al coraz\u00f3n de Dios\" (1 Samuel 13:14).<\/li>\n<\/ul>\n<p>&nbsp;<\/p>\n<ul>\n<li><b>Reflexi\u00f3n personal y aplicaci\u00f3n<\/b>: A trav\u00e9s de devociones, sesiones de adoraci\u00f3n, discusiones en grupos peque\u00f1os y diarios personales, nuestros estudiantes ser\u00e1n desafiados a preguntar: <i>\u00bfQu\u00e9 forma mi identidad?<\/i> y <i>\u00bfVivo para la aprobaci\u00f3n de Dios o para el aplauso de los hombres?<\/i><\/li>\n<\/ul>\n<p>\ud83c\udfd5 Por qu\u00e9 es importante<br \/>En un mundo cada vez m\u00e1s confuso en cuanto a la identidad, nuestro objetivo es que los estudiantes se arraiguen en <b>verdad b\u00edblica<\/b>. Queremos que cada joven salga del campamento no s\u00f3lo sabiendo que es <b>creado a imagen de Dios<\/b>pero tambi\u00e9n comprender la <b>responsabilidad y alegr\u00eda<\/b> de vivir esa identidad en Cristo.<br \/>Como siempre, estos campamentos son tambi\u00e9n un tiempo de uni\u00f3n, diversi\u00f3n y comunidad. Desde hogueras hasta actividades de formaci\u00f3n de equipos, se crear\u00e1n recuerdos inolvidables, todos ellos anclados en la verdad inmutable de la Palabra de Dios.<\/p>\n<p><b>Oremos para que este tiempo fuera d\u00e9 frutos eternos en la vida de nuestros alumnos. Que Dios levante una generaci\u00f3n de j\u00f3venes cuyas identidades est\u00e9n seguras en Cristo y que vivan audazmente para Su gloria.<\/b><br \/>\ud83d\udcd6 \"Y cre\u00f3 Dios al hombre a su imagen y semejanza...\" - <i>G\u00e9nesis 1:27<\/i><\/p>\n<p>\ud83d\udcac \"El Se\u00f1or se ha buscado un hombre conforme a su coraz\u00f3n...\" - <i>1 Samuel 13:14<\/i><\/p>\n<p>[\/et_pb_text][\/et_pb_column][\/et_pb_row][\/et_pb_section]<\/p>","protected":false},"excerpt":{"rendered":"<p>Theme: \u201cTransformados \u2013 La Identidad que lo Cambia Todo\u201d At Monterrey Christian School, we are thrilled to begin one of our most cherished traditions \u2014 our annual Christian Camps and [&hellip;]<\/p>","protected":false},"author":2,"featured_media":114749,"comment_status":"open","ping_status":"open","sticky":false,"template":"","format":"standard","meta":{"_et_pb_use_builder":"on","_et_pb_old_content":"","_et_gb_content_width":"","footnotes":""},"categories":[1],"tags":[],"class_list":["post-114748","post","type-post","status-publish","format-standard","has-post-thumbnail","hentry","category-latest-news"],"yoast_head":"<!-- This site is optimized with the Yoast SEO Premium plugin v26.5 (Yoast SEO v26.5) - https:\/\/yoast.com\/wordpress\/plugins\/seo\/ -->\n<title>\ud83d\udd25 Our Christian Camps &amp; Retreats Begin! - Monterrey Christian School<\/title>\n<meta name=\"robots\" content=\"index, follow, max-snippet:-1, max-image-preview:large, max-video-preview:-1\" \/>\n<link rel=\"canonical\" href=\"https:\/\/mcs.ed.cr\/es\/\ud83d\udd25-comienzan-nuestros-retiros-de-campamentos-cristianos\/\" \/>\n<meta property=\"og:locale\" content=\"es_ES\" \/>\n<meta property=\"og:type\" content=\"article\" \/>\n<meta property=\"og:title\" content=\"\ud83d\udd25 Our Christian Camps &amp; Retreats Begin! - Monterrey Christian School\" \/>\n<meta property=\"og:description\" content=\"Theme: \u201cTransformados \u2013 La Identidad que lo Cambia Todo\u201d At Monterrey Christian School, we are thrilled to begin one of our most cherished traditions \u2014 our annual Christian Camps and [&hellip;]\" \/>\n<meta property=\"og:url\" content=\"https:\/\/mcs.ed.cr\/es\/\ud83d\udd25-comienzan-nuestros-retiros-de-campamentos-cristianos\/\" \/>\n<meta property=\"og:site_name\" content=\"Monterrey Christian School\" \/>\n<meta property=\"article:publisher\" content=\"https:\/\/www.facebook.com\/MonterreyChristianSchool\/\" \/>\n<meta property=\"article:published_time\" content=\"2025-04-25T20:25:46+00:00\" \/>\n<meta property=\"article:modified_time\" content=\"2025-04-25T20:25:47+00:00\" \/>\n<meta property=\"og:image\" content=\"https:\/\/mcs.ed.cr\/wp-content\/uploads\/2025\/04\/unnamed.jpg\" \/>\n\t<meta property=\"og:image:width\" content=\"680\" \/>\n\t<meta property=\"og:image:height\" content=\"510\" \/>\n\t<meta property=\"og:image:type\" content=\"image\/jpeg\" \/>\n<meta name=\"author\" content=\"Raquel Granados\" \/>\n<meta name=\"twitter:card\" content=\"summary_large_image\" \/>\n<meta name=\"twitter:label1\" content=\"Written by\" \/>\n\t<meta name=\"twitter:data1\" content=\"Raquel Granados\" \/>\n\t<meta name=\"twitter:label2\" content=\"Est. reading time\" \/>\n\t<meta name=\"twitter:data2\" content=\"1 minuto\" \/>\n<script type=\"application\/ld+json\" class=\"yoast-schema-graph\">{\"@context\":\"https:\/\/schema.org\",\"@graph\":[{\"@type\":\"Article\",\"@id\":\"https:\/\/mcs.ed.cr\/%f0%9f%94%a5-our-christian-camps-retreats-begin\/#article\",\"isPartOf\":{\"@id\":\"https:\/\/mcs.ed.cr\/%f0%9f%94%a5-our-christian-camps-retreats-begin\/\"},\"author\":{\"name\":\"Raquel Granados\",\"@id\":\"https:\/\/mcs.ed.cr\/#\/schema\/person\/8786eb9a3e3249e1868e3b949d0b670b\"},\"headline\":\"\ud83d\udd25 Our Christian Camps &amp; Retreats Begin!\",\"datePublished\":\"2025-04-25T20:25:46+00:00\",\"dateModified\":\"2025-04-25T20:25:47+00:00\",\"mainEntityOfPage\":{\"@id\":\"https:\/\/mcs.ed.cr\/%f0%9f%94%a5-our-christian-camps-retreats-begin\/\"},\"wordCount\":521,\"commentCount\":0,\"publisher\":{\"@id\":\"https:\/\/mcs.ed.cr\/#organization\"},\"image\":{\"@id\":\"https:\/\/mcs.ed.cr\/%f0%9f%94%a5-our-christian-camps-retreats-begin\/#primaryimage\"},\"thumbnailUrl\":\"https:\/\/mcs.ed.cr\/wp-content\/uploads\/2025\/04\/unnamed.jpg\",\"articleSection\":[\"Latest News\"],\"inLanguage\":\"es-CR\",\"potentialAction\":[{\"@type\":\"CommentAction\",\"name\":\"Comment\",\"target\":[\"https:\/\/mcs.ed.cr\/%f0%9f%94%a5-our-christian-camps-retreats-begin\/#respond\"]}]},{\"@type\":\"WebPage\",\"@id\":\"https:\/\/mcs.ed.cr\/%f0%9f%94%a5-our-christian-camps-retreats-begin\/\",\"url\":\"https:\/\/mcs.ed.cr\/%f0%9f%94%a5-our-christian-camps-retreats-begin\/\",\"name\":\"\ud83d\udd25 Our Christian Camps &amp; Retreats Begin! - Monterrey Christian School\",\"isPartOf\":{\"@id\":\"https:\/\/mcs.ed.cr\/#website\"},\"primaryImageOfPage\":{\"@id\":\"https:\/\/mcs.ed.cr\/%f0%9f%94%a5-our-christian-camps-retreats-begin\/#primaryimage\"},\"image\":{\"@id\":\"https:\/\/mcs.ed.cr\/%f0%9f%94%a5-our-christian-camps-retreats-begin\/#primaryimage\"},\"thumbnailUrl\":\"https:\/\/mcs.ed.cr\/wp-content\/uploads\/2025\/04\/unnamed.jpg\",\"datePublished\":\"2025-04-25T20:25:46+00:00\",\"dateModified\":\"2025-04-25T20:25:47+00:00\",\"inLanguage\":\"es-CR\",\"potentialAction\":[{\"@type\":\"ReadAction\",\"target\":[\"https:\/\/mcs.ed.cr\/%f0%9f%94%a5-our-christian-camps-retreats-begin\/\"]}]},{\"@type\":\"ImageObject\",\"inLanguage\":\"es-CR\",\"@id\":\"https:\/\/mcs.ed.cr\/%f0%9f%94%a5-our-christian-camps-retreats-begin\/#primaryimage\",\"url\":\"https:\/\/mcs.ed.cr\/wp-content\/uploads\/2025\/04\/unnamed.jpg\",\"contentUrl\":\"https:\/\/mcs.ed.cr\/wp-content\/uploads\/2025\/04\/unnamed.jpg\",\"width\":680,\"height\":510},{\"@type\":\"WebSite\",\"@id\":\"https:\/\/mcs.ed.cr\/#website\",\"url\":\"https:\/\/mcs.ed.cr\/\",\"name\":\"Monterrey Christian School\",\"description\":\"Glorifyng God's Name Since 1956\",\"publisher\":{\"@id\":\"https:\/\/mcs.ed.cr\/#organization\"},\"potentialAction\":[{\"@type\":\"SearchAction\",\"target\":{\"@type\":\"EntryPoint\",\"urlTemplate\":\"https:\/\/mcs.ed.cr\/?s={search_term_string}\"},\"query-input\":{\"@type\":\"PropertyValueSpecification\",\"valueRequired\":true,\"valueName\":\"search_term_string\"}}],\"inLanguage\":\"es-CR\"},{\"@type\":\"Organization\",\"@id\":\"https:\/\/mcs.ed.cr\/#organization\",\"name\":\"Monterrey Christian School\",\"alternateName\":\"MCS\",\"url\":\"https:\/\/mcs.ed.cr\/\",\"logo\":{\"@type\":\"ImageObject\",\"inLanguage\":\"es-CR\",\"@id\":\"https:\/\/mcs.ed.cr\/#\/schema\/logo\/image\/\",\"url\":\"https:\/\/mcs.ed.cr\/wp-content\/uploads\/2023\/02\/MCS-turquesa.png\",\"contentUrl\":\"https:\/\/mcs.ed.cr\/wp-content\/uploads\/2023\/02\/MCS-turquesa.png\",\"width\":1359,\"height\":737,\"caption\":\"Monterrey Christian School\"},\"image\":{\"@id\":\"https:\/\/mcs.ed.cr\/#\/schema\/logo\/image\/\"},\"sameAs\":[\"https:\/\/www.facebook.com\/MonterreyChristianSchool\/\",\"https:\/\/www.instagram.com\/monterreychristianschool\/\"],\"email\":\"mparrales@monterrey.ed.cr\",\"telephone\":\"22240833\",\"legalName\":\"Asociaci\u00f3n Cultural Monterrey\",\"foundingDate\":\"1956-03-01\",\"numberOfEmployees\":{\"@type\":\"QuantitativeValue\",\"minValue\":\"51\",\"maxValue\":\"200\"}},{\"@type\":\"Person\",\"@id\":\"https:\/\/mcs.ed.cr\/#\/schema\/person\/8786eb9a3e3249e1868e3b949d0b670b\",\"name\":\"Raquel Granados\",\"image\":{\"@type\":\"ImageObject\",\"inLanguage\":\"es-CR\",\"@id\":\"https:\/\/mcs.ed.cr\/#\/schema\/person\/image\/\",\"url\":\"https:\/\/secure.gravatar.com\/avatar\/94dffcd470b2d6ce729b8812a2f30186595838ba17d549870097b10d1b38fb02?s=96&d=mm&r=g\",\"contentUrl\":\"https:\/\/secure.gravatar.com\/avatar\/94dffcd470b2d6ce729b8812a2f30186595838ba17d549870097b10d1b38fb02?s=96&d=mm&r=g\",\"caption\":\"Raquel Granados\"},\"url\":\"https:\/\/mcs.ed.cr\/es\/author\/raquel\/\"}]}<\/script>\n<!-- \/ Yoast SEO Premium plugin. -->","yoast_head_json":{"title":"\ud83d\udd25 \u00a1Comienzan nuestros campamentos y retiros cristianos! - Monterrey Christian School","robots":{"index":"index","follow":"follow","max-snippet":"max-snippet:-1","max-image-preview":"max-image-preview:large","max-video-preview":"max-video-preview:-1"},"canonical":"https:\/\/mcs.ed.cr\/es\/\ud83d\udd25-comienzan-nuestros-retiros-de-campamentos-cristianos\/","og_locale":"es_ES","og_type":"article","og_title":"\ud83d\udd25 Our Christian Camps &amp; Retreats Begin! - Monterrey Christian School","og_description":"Theme: \u201cTransformados \u2013 La Identidad que lo Cambia Todo\u201d At Monterrey Christian School, we are thrilled to begin one of our most cherished traditions \u2014 our annual Christian Camps and [&hellip;]","og_url":"https:\/\/mcs.ed.cr\/es\/\ud83d\udd25-comienzan-nuestros-retiros-de-campamentos-cristianos\/","og_site_name":"Monterrey Christian School","article_publisher":"https:\/\/www.facebook.com\/MonterreyChristianSchool\/","article_published_time":"2025-04-25T20:25:46+00:00","article_modified_time":"2025-04-25T20:25:47+00:00","og_image":[{"width":680,"height":510,"url":"https:\/\/mcs.ed.cr\/wp-content\/uploads\/2025\/04\/unnamed.jpg","type":"image\/jpeg"}],"author":"Raquel Granados","twitter_card":"summary_large_image","twitter_misc":{"Written by":"Raquel Granados","Est. reading time":"1 minuto"},"schema":{"@context":"https:\/\/schema.org","@graph":[{"@type":"Article","@id":"https:\/\/mcs.ed.cr\/%f0%9f%94%a5-our-christian-camps-retreats-begin\/#article","isPartOf":{"@id":"https:\/\/mcs.ed.cr\/%f0%9f%94%a5-our-christian-camps-retreats-begin\/"},"author":{"name":"Raquel Granados","@id":"https:\/\/mcs.ed.cr\/#\/schema\/person\/8786eb9a3e3249e1868e3b949d0b670b"},"headline":"\ud83d\udd25 Our Christian Camps &amp; Retreats Begin!","datePublished":"2025-04-25T20:25:46+00:00","dateModified":"2025-04-25T20:25:47+00:00","mainEntityOfPage":{"@id":"https:\/\/mcs.ed.cr\/%f0%9f%94%a5-our-christian-camps-retreats-begin\/"},"wordCount":521,"commentCount":0,"publisher":{"@id":"https:\/\/mcs.ed.cr\/#organization"},"image":{"@id":"https:\/\/mcs.ed.cr\/%f0%9f%94%a5-our-christian-camps-retreats-begin\/#primaryimage"},"thumbnailUrl":"https:\/\/mcs.ed.cr\/wp-content\/uploads\/2025\/04\/unnamed.jpg","articleSection":["Latest News"],"inLanguage":"es-CR","potentialAction":[{"@type":"CommentAction","name":"Comment","target":["https:\/\/mcs.ed.cr\/%f0%9f%94%a5-our-christian-camps-retreats-begin\/#respond"]}]},{"@type":"WebPage","@id":"https:\/\/mcs.ed.cr\/%f0%9f%94%a5-our-christian-camps-retreats-begin\/","url":"https:\/\/mcs.ed.cr\/%f0%9f%94%a5-our-christian-camps-retreats-begin\/","name":"\ud83d\udd25 \u00a1Comienzan nuestros campamentos y retiros cristianos! - Monterrey Christian School","isPartOf":{"@id":"https:\/\/mcs.ed.cr\/#website"},"primaryImageOfPage":{"@id":"https:\/\/mcs.ed.cr\/%f0%9f%94%a5-our-christian-camps-retreats-begin\/#primaryimage"},"image":{"@id":"https:\/\/mcs.ed.cr\/%f0%9f%94%a5-our-christian-camps-retreats-begin\/#primaryimage"},"thumbnailUrl":"https:\/\/mcs.ed.cr\/wp-content\/uploads\/2025\/04\/unnamed.jpg","datePublished":"2025-04-25T20:25:46+00:00","dateModified":"2025-04-25T20:25:47+00:00","inLanguage":"es-CR","potentialAction":[{"@type":"ReadAction","target":["https:\/\/mcs.ed.cr\/%f0%9f%94%a5-our-christian-camps-retreats-begin\/"]}]},{"@type":"ImageObject","inLanguage":"es-CR","@id":"https:\/\/mcs.ed.cr\/%f0%9f%94%a5-our-christian-camps-retreats-begin\/#primaryimage","url":"https:\/\/mcs.ed.cr\/wp-content\/uploads\/2025\/04\/unnamed.jpg","contentUrl":"https:\/\/mcs.ed.cr\/wp-content\/uploads\/2025\/04\/unnamed.jpg","width":680,"height":510},{"@type":"WebSite","@id":"https:\/\/mcs.ed.cr\/#website","url":"https:\/\/mcs.ed.cr\/","name":"Monterrey Christian School","description":"Glorificando el nombre de Dios desde 1956","publisher":{"@id":"https:\/\/mcs.ed.cr\/#organization"},"potentialAction":[{"@type":"SearchAction","target":{"@type":"EntryPoint","urlTemplate":"https:\/\/mcs.ed.cr\/?s={search_term_string}"},"query-input":{"@type":"PropertyValueSpecification","valueRequired":true,"valueName":"search_term_string"}}],"inLanguage":"es-CR"},{"@type":"Organization","@id":"https:\/\/mcs.ed.cr\/#organization","name":"Monterrey Christian School","alternateName":"MCS","url":"https:\/\/mcs.ed.cr\/","logo":{"@type":"ImageObject","inLanguage":"es-CR","@id":"https:\/\/mcs.ed.cr\/#\/schema\/logo\/image\/","url":"https:\/\/mcs.ed.cr\/wp-content\/uploads\/2023\/02\/MCS-turquesa.png","contentUrl":"https:\/\/mcs.ed.cr\/wp-content\/uploads\/2023\/02\/MCS-turquesa.png","width":1359,"height":737,"caption":"Monterrey Christian School"},"image":{"@id":"https:\/\/mcs.ed.cr\/#\/schema\/logo\/image\/"},"sameAs":["https:\/\/www.facebook.com\/MonterreyChristianSchool\/","https:\/\/www.instagram.com\/monterreychristianschool\/"],"email":"mparrales@monterrey.ed.cr","telephone":"22240833","legalName":"Asociaci\u00f3n Cultural Monterrey","foundingDate":"1956-03-01","numberOfEmployees":{"@type":"QuantitativeValue","minValue":"51","maxValue":"200"}},{"@type":"Person","@id":"https:\/\/mcs.ed.cr\/#\/schema\/person\/8786eb9a3e3249e1868e3b949d0b670b","name":"Raquel Granados","image":{"@type":"ImageObject","inLanguage":"es-CR","@id":"https:\/\/mcs.ed.cr\/#\/schema\/person\/image\/","url":"https:\/\/secure.gravatar.com\/avatar\/94dffcd470b2d6ce729b8812a2f30186595838ba17d549870097b10d1b38fb02?s=96&d=mm&r=g","contentUrl":"https:\/\/secure.gravatar.com\/avatar\/94dffcd470b2d6ce729b8812a2f30186595838ba17d549870097b10d1b38fb02?s=96&d=mm&r=g","caption":"Raquel Granados"},"url":"https:\/\/mcs.ed.cr\/es\/author\/raquel\/"}]}},"_links":{"self":[{"href":"https:\/\/mcs.ed.cr\/es\/wp-json\/wp\/v2\/posts\/114748","targetHints":{"allow":["GET"]}}],"collection":[{"href":"https:\/\/mcs.ed.cr\/es\/wp-json\/wp\/v2\/posts"}],"about":[{"href":"https:\/\/mcs.ed.cr\/es\/wp-json\/wp\/v2\/types\/post"}],"author":[{"embeddable":true,"href":"https:\/\/mcs.ed.cr\/es\/wp-json\/wp\/v2\/users\/2"}],"replies":[{"embeddable":true,"href":"https:\/\/mcs.ed.cr\/es\/wp-json\/wp\/v2\/comments?post=114748"}],"version-history":[{"count":0,"href":"https:\/\/mcs.ed.cr\/es\/wp-json\/wp\/v2\/posts\/114748\/revisions"}],"wp:featuredmedia":[{"embeddable":true,"href":"https:\/\/mcs.ed.cr\/es\/wp-json\/wp\/v2\/media\/114749"}],"wp:attachment":[{"href":"https:\/\/mcs.ed.cr\/es\/wp-json\/wp\/v2\/media?parent=114748"}],"wp:term":[{"taxonomy":"category","embeddable":true,"href":"https:\/\/mcs.ed.cr\/es\/wp-json\/wp\/v2\/categories?post=114748"},{"taxonomy":"post_tag","embeddable":true,"href":"https:\/\/mcs.ed.cr\/es\/wp-json\/wp\/v2\/tags?post=114748"}],"curies":[{"name":"wp","href":"https:\/\/api.w.org\/{rel}","templated":true}]}}